{"id":44384,"date":"2025-09-12T11:52:15","date_gmt":"2025-09-12T09:52:15","guid":{"rendered":"https:\/\/swedenbio.se\/swiss-delegation-to-nlsdays-in-gothenburg\/"},"modified":"2025-09-12T11:52:15","modified_gmt":"2025-09-12T09:52:15","slug":"swiss-delegation-to-nlsdays-in-gothenburg","status":"publish","type":"post","link":"https:\/\/swedenbio.se\/en\/swiss-delegation-to-nlsdays-in-gothenburg\/","title":{"rendered":"Swiss delegation to NLSDays in Gothenburg"},"content":{"rendered":"\n<p>Nordic-Swiss exchanges within life science are on the rise. Earlier this year a Nordic life science-delegation participated in the Swiss Biotech Days. Now, a Swiss delegation organized by the Embassy of Switzerland in Sweden is heading to Sweden and Nordic Life Science Days. <\/p>\n\n\n\n<p>Gustav Henriksson, Head of Swiss Business\u00a0Hub Nordics at the Embassy of Switzerland in Sweden, tells about the incoming Swiss delegation to NLSDays in Gothenburg 13-14 October. <\/p>\n\n\n\n<p><strong>This will be the first Swiss delegation to Nordic Life Science Days, what has led to the decision to form a delegation? \u00a0<\/strong><\/p>\n\n\n\n<p>\u2013 We\u00a0see an ever increasing interest in the Swiss health ecosystems\u00a0among Nordic cluster organisations and companies. For instance this spring, SwedenBIO, Medicon Valley Allience and the Life Science Cluster from Norway had a joint Nordic\u00a0pavillion at the Swiss Biotech Days (accompanied by Cellectricon, Cytel, Invest in Sk\u00e5ne, Mavatar, Pelago Bioscience, SmiLe Venture Hub, VentriLabs). At the same time, we see Nordic Life Science Days as <em>the<\/em> event in the combined life science and\u00a0health tech space in the Nordics. Our aim is to bridge the physical gap between the Nordic and Swiss ecosystems, and we aim to build up\u00a0a steady exchange over the years.<\/p>\n\n\n\n<p><strong>How has the interest been from Swiss companies to join the delegation and how many do you expect to join?<\/strong><\/p>\n\n\n\n<p>\u2013 We are in the middle of recruiting companies at the moment, so it is too early to say, but we have had interest from both CMOs, early stage companies, and IPR experts to join.<\/p>\n\n\n\n<p><strong>What can delegates expect from the Swiss pavilion and the global insights presentation you will be giving?\u00a0<\/strong><\/p>\n\n\n\n<p>\u2013 We will present the width and depth\u00a0of the Swiss Life Science ecosystem, with both representatives from one of our cantons our companies, and our ecosystem expert from Headquarters.<\/p>\n\n\n\n<ol start=\"3\" class=\"wp-block-list\"><\/ol>\n\n\n\n<h3 class=\"wp-block-heading\">Pavilion and presentation<\/h3>\n\n\n\n<p>The Swiss delegation will be presented in the form of a pavilion exhibiting the dynamic Swiss life science sector. In addition, Switzerland Global Enterprise will deliver a <strong>Global Insights Presentation<\/strong> on the Expo stage on Monday 13 October. For more details about the Swiss delegation and presentation, <a href=\"https:\/\/nlsdays.com\/program\/2025-switzerland\/\">click here<\/a>. <br><br><br><\/p>\n","protected":false},"excerpt":{"rendered":"<p>Nordic-Swiss exchanges within life science are on the rise. Earlier this year a Nordic life science-delegation participated in the Swiss Biotech Days. Now, a Swiss delegation organized by the Embassy of Switzerland in Sweden is heading to Sweden and Nordic Life Science Days. Gustav Henriksson, Head of Swiss Business\u00a0Hub Nordics at the Embassy of Switzerland [&hellip;]<\/p>\n","protected":false},"author":44,"featured_media":31034,"comment_status":"open","ping_status":"open","sticky":false,"template":"","format":"standard","meta":{"_acf_changed":false,"om_disable_all_campaigns":false,"_monsterinsights_skip_tracking":false,"_monsterinsights_sitenote_active":false,"_monsterinsights_sitenote_note":"","_monsterinsights_sitenote_category":0,"_uf_show_specific_survey":0,"_uf_disable_surveys":false,"footnotes":""},"categories":[74,130],"tags":[],"class_list":["post-44384","post","type-post","status-publish","format-standard","has-post-thumbnail","hentry","category-network","category-schweiz-en"],"acf":[],"aioseo_notices":[],"yoast_head":"<!-- This site is optimized with the Yoast SEO plugin v27.4 - https:\/\/yoast.com\/product\/yoast-seo-wordpress\/ -->\n<title>Swiss delegation to NLSDays in Gothenburg - SwedenBIO<\/title>\n<meta name=\"robots\" content=\"index, follow, max-snippet:-1, max-image-preview:large, max-video-preview:-1\" \/>\n<link rel=\"canonical\" href=\"https:\/\/swedenbio.se\/en\/swiss-delegation-to-nlsdays-in-gothenburg\/\" \/>\n<meta property=\"og:locale\" content=\"en_US\" \/>\n<meta property=\"og:type\" content=\"article\" \/>\n<meta property=\"og:title\" content=\"Swiss delegation to NLSDays in Gothenburg - SwedenBIO\" \/>\n<meta property=\"og:description\" content=\"Nordic-Swiss exchanges within life science are on the rise. Earlier this year a Nordic life science-delegation participated in the Swiss Biotech Days. Now, a Swiss delegation organized by the Embassy of Switzerland in Sweden is heading to Sweden and Nordic Life Science Days. Gustav Henriksson, Head of Swiss Business\u00a0Hub Nordics at the Embassy of Switzerland [&hellip;]\" \/>\n<meta property=\"og:url\" content=\"https:\/\/swedenbio.se\/en\/swiss-delegation-to-nlsdays-in-gothenburg\/\" \/>\n<meta property=\"og:site_name\" content=\"SwedenBIO\" \/>\n<meta property=\"article:published_time\" content=\"2025-09-12T09:52:15+00:00\" \/>\n<meta name=\"author\" content=\"Afram Yakoub\" \/>\n<meta name=\"twitter:card\" content=\"summary_large_image\" \/>\n<meta name=\"twitter:label1\" content=\"Written by\" \/>\n\t<meta name=\"twitter:data1\" content=\"Afram Yakoub\" \/>\n\t<meta name=\"twitter:label2\" content=\"Est. reading time\" \/>\n\t<meta name=\"twitter:data2\" content=\"2 minutes\" \/>\n<script type=\"application\/ld+json\" class=\"yoast-schema-graph\">{\"@context\":\"https:\\\/\\\/schema.org\",\"@graph\":[{\"@type\":\"Article\",\"@id\":\"https:\\\/\\\/swedenbio.se\\\/en\\\/swiss-delegation-to-nlsdays-in-gothenburg\\\/#article\",\"isPartOf\":{\"@id\":\"https:\\\/\\\/swedenbio.se\\\/en\\\/swiss-delegation-to-nlsdays-in-gothenburg\\\/\"},\"author\":{\"name\":\"Afram Yakoub\",\"@id\":\"https:\\\/\\\/swedenbio.se\\\/en\\\/#\\\/schema\\\/person\\\/f0056e52d067b9db4c55ec102b440d85\"},\"headline\":\"Swiss delegation to NLSDays in Gothenburg\",\"datePublished\":\"2025-09-12T09:52:15+00:00\",\"mainEntityOfPage\":{\"@id\":\"https:\\\/\\\/swedenbio.se\\\/en\\\/swiss-delegation-to-nlsdays-in-gothenburg\\\/\"},\"wordCount\":357,\"commentCount\":0,\"publisher\":{\"@id\":\"https:\\\/\\\/swedenbio.se\\\/en\\\/#organization\"},\"image\":{\"@id\":\"https:\\\/\\\/swedenbio.se\\\/en\\\/swiss-delegation-to-nlsdays-in-gothenburg\\\/#primaryimage\"},\"thumbnailUrl\":\"https:\\\/\\\/swedenbio.se\\\/wp-content\\\/uploads\\\/2016\\\/09\\\/NLSDAYS2016WEB9.jpg\",\"articleSection\":[\"Network\",\"Schweiz\"],\"inLanguage\":\"en-US\",\"potentialAction\":[{\"@type\":\"CommentAction\",\"name\":\"Comment\",\"target\":[\"https:\\\/\\\/swedenbio.se\\\/en\\\/swiss-delegation-to-nlsdays-in-gothenburg\\\/#respond\"]}]},{\"@type\":\"WebPage\",\"@id\":\"https:\\\/\\\/swedenbio.se\\\/en\\\/swiss-delegation-to-nlsdays-in-gothenburg\\\/\",\"url\":\"https:\\\/\\\/swedenbio.se\\\/en\\\/swiss-delegation-to-nlsdays-in-gothenburg\\\/\",\"name\":\"Swiss delegation to NLSDays in Gothenburg - SwedenBIO\",\"isPartOf\":{\"@id\":\"https:\\\/\\\/swedenbio.se\\\/en\\\/#website\"},\"primaryImageOfPage\":{\"@id\":\"https:\\\/\\\/swedenbio.se\\\/en\\\/swiss-delegation-to-nlsdays-in-gothenburg\\\/#primaryimage\"},\"image\":{\"@id\":\"https:\\\/\\\/swedenbio.se\\\/en\\\/swiss-delegation-to-nlsdays-in-gothenburg\\\/#primaryimage\"},\"thumbnailUrl\":\"https:\\\/\\\/swedenbio.se\\\/wp-content\\\/uploads\\\/2016\\\/09\\\/NLSDAYS2016WEB9.jpg\",\"datePublished\":\"2025-09-12T09:52:15+00:00\",\"breadcrumb\":{\"@id\":\"https:\\\/\\\/swedenbio.se\\\/en\\\/swiss-delegation-to-nlsdays-in-gothenburg\\\/#breadcrumb\"},\"inLanguage\":\"en-US\",\"potentialAction\":[{\"@type\":\"ReadAction\",\"target\":[\"https:\\\/\\\/swedenbio.se\\\/en\\\/swiss-delegation-to-nlsdays-in-gothenburg\\\/\"]}]},{\"@type\":\"ImageObject\",\"inLanguage\":\"en-US\",\"@id\":\"https:\\\/\\\/swedenbio.se\\\/en\\\/swiss-delegation-to-nlsdays-in-gothenburg\\\/#primaryimage\",\"url\":\"https:\\\/\\\/swedenbio.se\\\/wp-content\\\/uploads\\\/2016\\\/09\\\/NLSDAYS2016WEB9.jpg\",\"contentUrl\":\"https:\\\/\\\/swedenbio.se\\\/wp-content\\\/uploads\\\/2016\\\/09\\\/NLSDAYS2016WEB9.jpg\",\"width\":576,\"height\":324,\"caption\":\"\u00d6ver 1 000 delegater fr\u00e5n 680 f\u00f6retag samlades den 14-15 september i Stockholm\"},{\"@type\":\"BreadcrumbList\",\"@id\":\"https:\\\/\\\/swedenbio.se\\\/en\\\/swiss-delegation-to-nlsdays-in-gothenburg\\\/#breadcrumb\",\"itemListElement\":[{\"@type\":\"ListItem\",\"position\":1,\"name\":\"Hem\",\"item\":\"https:\\\/\\\/swedenbio.se\\\/en\\\/\"},{\"@type\":\"ListItem\",\"position\":2,\"name\":\"Swiss delegation to NLSDays in Gothenburg\"}]},{\"@type\":\"WebSite\",\"@id\":\"https:\\\/\\\/swedenbio.se\\\/en\\\/#website\",\"url\":\"https:\\\/\\\/swedenbio.se\\\/en\\\/\",\"name\":\"SwedenBIO\",\"description\":\"Branschorganisationen f\u00f6r svenska life science f\u00f6retag\",\"publisher\":{\"@id\":\"https:\\\/\\\/swedenbio.se\\\/en\\\/#organization\"},\"potentialAction\":[{\"@type\":\"SearchAction\",\"target\":{\"@type\":\"EntryPoint\",\"urlTemplate\":\"https:\\\/\\\/swedenbio.se\\\/en\\\/?s={search_term_string}\"},\"query-input\":{\"@type\":\"PropertyValueSpecification\",\"valueRequired\":true,\"valueName\":\"search_term_string\"}}],\"inLanguage\":\"en-US\"},{\"@type\":\"Organization\",\"@id\":\"https:\\\/\\\/swedenbio.se\\\/en\\\/#organization\",\"name\":\"SwedenBIO\",\"url\":\"https:\\\/\\\/swedenbio.se\\\/en\\\/\",\"logo\":{\"@type\":\"ImageObject\",\"inLanguage\":\"en-US\",\"@id\":\"https:\\\/\\\/swedenbio.se\\\/en\\\/#\\\/schema\\\/logo\\\/image\\\/\",\"url\":\"https:\\\/\\\/swedenbio.se\\\/wp-content\\\/uploads\\\/2020\\\/09\\\/logo.png\",\"contentUrl\":\"https:\\\/\\\/swedenbio.se\\\/wp-content\\\/uploads\\\/2020\\\/09\\\/logo.png\",\"width\":240,\"height\":59,\"caption\":\"SwedenBIO\"},\"image\":{\"@id\":\"https:\\\/\\\/swedenbio.se\\\/en\\\/#\\\/schema\\\/logo\\\/image\\\/\"}},{\"@type\":\"Person\",\"@id\":\"https:\\\/\\\/swedenbio.se\\\/en\\\/#\\\/schema\\\/person\\\/f0056e52d067b9db4c55ec102b440d85\",\"name\":\"Afram Yakoub\",\"image\":{\"@type\":\"ImageObject\",\"inLanguage\":\"en-US\",\"@id\":\"https:\\\/\\\/secure.gravatar.com\\\/avatar\\\/030b5b2b9cdaa6cb7449b81a7abf5a7c3d21d205830126e81faebda674de42ae?s=96&d=mm&r=g\",\"url\":\"https:\\\/\\\/secure.gravatar.com\\\/avatar\\\/030b5b2b9cdaa6cb7449b81a7abf5a7c3d21d205830126e81faebda674de42ae?s=96&d=mm&r=g\",\"contentUrl\":\"https:\\\/\\\/secure.gravatar.com\\\/avatar\\\/030b5b2b9cdaa6cb7449b81a7abf5a7c3d21d205830126e81faebda674de42ae?s=96&d=mm&r=g\",\"caption\":\"Afram Yakoub\"},\"sameAs\":[\"http:\\\/\\\/www.swedenbio.se\"],\"url\":\"https:\\\/\\\/swedenbio.se\\\/en\\\/author\\\/afram-yakoub\\\/\"}]}<\/script>\n<!-- \/ Yoast SEO plugin. -->","yoast_head_json":{"title":"Swiss delegation to NLSDays in Gothenburg - SwedenBIO","robots":{"index":"index","follow":"follow","max-snippet":"max-snippet:-1","max-image-preview":"max-image-preview:large","max-video-preview":"max-video-preview:-1"},"canonical":"https:\/\/swedenbio.se\/en\/swiss-delegation-to-nlsdays-in-gothenburg\/","og_locale":"en_US","og_type":"article","og_title":"Swiss delegation to NLSDays in Gothenburg - SwedenBIO","og_description":"Nordic-Swiss exchanges within life science are on the rise. Earlier this year a Nordic life science-delegation participated in the Swiss Biotech Days. Now, a Swiss delegation organized by the Embassy of Switzerland in Sweden is heading to Sweden and Nordic Life Science Days. Gustav Henriksson, Head of Swiss Business\u00a0Hub Nordics at the Embassy of Switzerland [&hellip;]","og_url":"https:\/\/swedenbio.se\/en\/swiss-delegation-to-nlsdays-in-gothenburg\/","og_site_name":"SwedenBIO","article_published_time":"2025-09-12T09:52:15+00:00","author":"Afram Yakoub","twitter_card":"summary_large_image","twitter_misc":{"Written by":"Afram Yakoub","Est. reading time":"2 minutes"},"schema":{"@context":"https:\/\/schema.org","@graph":[{"@type":"Article","@id":"https:\/\/swedenbio.se\/en\/swiss-delegation-to-nlsdays-in-gothenburg\/#article","isPartOf":{"@id":"https:\/\/swedenbio.se\/en\/swiss-delegation-to-nlsdays-in-gothenburg\/"},"author":{"name":"Afram Yakoub","@id":"https:\/\/swedenbio.se\/en\/#\/schema\/person\/f0056e52d067b9db4c55ec102b440d85"},"headline":"Swiss delegation to NLSDays in Gothenburg","datePublished":"2025-09-12T09:52:15+00:00","mainEntityOfPage":{"@id":"https:\/\/swedenbio.se\/en\/swiss-delegation-to-nlsdays-in-gothenburg\/"},"wordCount":357,"commentCount":0,"publisher":{"@id":"https:\/\/swedenbio.se\/en\/#organization"},"image":{"@id":"https:\/\/swedenbio.se\/en\/swiss-delegation-to-nlsdays-in-gothenburg\/#primaryimage"},"thumbnailUrl":"https:\/\/swedenbio.se\/wp-content\/uploads\/2016\/09\/NLSDAYS2016WEB9.jpg","articleSection":["Network","Schweiz"],"inLanguage":"en-US","potentialAction":[{"@type":"CommentAction","name":"Comment","target":["https:\/\/swedenbio.se\/en\/swiss-delegation-to-nlsdays-in-gothenburg\/#respond"]}]},{"@type":"WebPage","@id":"https:\/\/swedenbio.se\/en\/swiss-delegation-to-nlsdays-in-gothenburg\/","url":"https:\/\/swedenbio.se\/en\/swiss-delegation-to-nlsdays-in-gothenburg\/","name":"Swiss delegation to NLSDays in Gothenburg - SwedenBIO","isPartOf":{"@id":"https:\/\/swedenbio.se\/en\/#website"},"primaryImageOfPage":{"@id":"https:\/\/swedenbio.se\/en\/swiss-delegation-to-nlsdays-in-gothenburg\/#primaryimage"},"image":{"@id":"https:\/\/swedenbio.se\/en\/swiss-delegation-to-nlsdays-in-gothenburg\/#primaryimage"},"thumbnailUrl":"https:\/\/swedenbio.se\/wp-content\/uploads\/2016\/09\/NLSDAYS2016WEB9.jpg","datePublished":"2025-09-12T09:52:15+00:00","breadcrumb":{"@id":"https:\/\/swedenbio.se\/en\/swiss-delegation-to-nlsdays-in-gothenburg\/#breadcrumb"},"inLanguage":"en-US","potentialAction":[{"@type":"ReadAction","target":["https:\/\/swedenbio.se\/en\/swiss-delegation-to-nlsdays-in-gothenburg\/"]}]},{"@type":"ImageObject","inLanguage":"en-US","@id":"https:\/\/swedenbio.se\/en\/swiss-delegation-to-nlsdays-in-gothenburg\/#primaryimage","url":"https:\/\/swedenbio.se\/wp-content\/uploads\/2016\/09\/NLSDAYS2016WEB9.jpg","contentUrl":"https:\/\/swedenbio.se\/wp-content\/uploads\/2016\/09\/NLSDAYS2016WEB9.jpg","width":576,"height":324,"caption":"\u00d6ver 1 000 delegater fr\u00e5n 680 f\u00f6retag samlades den 14-15 september i Stockholm"},{"@type":"BreadcrumbList","@id":"https:\/\/swedenbio.se\/en\/swiss-delegation-to-nlsdays-in-gothenburg\/#breadcrumb","itemListElement":[{"@type":"ListItem","position":1,"name":"Hem","item":"https:\/\/swedenbio.se\/en\/"},{"@type":"ListItem","position":2,"name":"Swiss delegation to NLSDays in Gothenburg"}]},{"@type":"WebSite","@id":"https:\/\/swedenbio.se\/en\/#website","url":"https:\/\/swedenbio.se\/en\/","name":"SwedenBIO","description":"Branschorganisationen f\u00f6r svenska life science f\u00f6retag","publisher":{"@id":"https:\/\/swedenbio.se\/en\/#organization"},"potentialAction":[{"@type":"SearchAction","target":{"@type":"EntryPoint","urlTemplate":"https:\/\/swedenbio.se\/en\/?s={search_term_string}"},"query-input":{"@type":"PropertyValueSpecification","valueRequired":true,"valueName":"search_term_string"}}],"inLanguage":"en-US"},{"@type":"Organization","@id":"https:\/\/swedenbio.se\/en\/#organization","name":"SwedenBIO","url":"https:\/\/swedenbio.se\/en\/","logo":{"@type":"ImageObject","inLanguage":"en-US","@id":"https:\/\/swedenbio.se\/en\/#\/schema\/logo\/image\/","url":"https:\/\/swedenbio.se\/wp-content\/uploads\/2020\/09\/logo.png","contentUrl":"https:\/\/swedenbio.se\/wp-content\/uploads\/2020\/09\/logo.png","width":240,"height":59,"caption":"SwedenBIO"},"image":{"@id":"https:\/\/swedenbio.se\/en\/#\/schema\/logo\/image\/"}},{"@type":"Person","@id":"https:\/\/swedenbio.se\/en\/#\/schema\/person\/f0056e52d067b9db4c55ec102b440d85","name":"Afram Yakoub","image":{"@type":"ImageObject","inLanguage":"en-US","@id":"https:\/\/secure.gravatar.com\/avatar\/030b5b2b9cdaa6cb7449b81a7abf5a7c3d21d205830126e81faebda674de42ae?s=96&d=mm&r=g","url":"https:\/\/secure.gravatar.com\/avatar\/030b5b2b9cdaa6cb7449b81a7abf5a7c3d21d205830126e81faebda674de42ae?s=96&d=mm&r=g","contentUrl":"https:\/\/secure.gravatar.com\/avatar\/030b5b2b9cdaa6cb7449b81a7abf5a7c3d21d205830126e81faebda674de42ae?s=96&d=mm&r=g","caption":"Afram Yakoub"},"sameAs":["http:\/\/www.swedenbio.se"],"url":"https:\/\/swedenbio.se\/en\/author\/afram-yakoub\/"}]}},"_links":{"self":[{"href":"https:\/\/swedenbio.se\/en\/wp-json\/wp\/v2\/posts\/44384","targetHints":{"allow":["GET"]}}],"collection":[{"href":"https:\/\/swedenbio.se\/en\/wp-json\/wp\/v2\/posts"}],"about":[{"href":"https:\/\/swedenbio.se\/en\/wp-json\/wp\/v2\/types\/post"}],"author":[{"embeddable":true,"href":"https:\/\/swedenbio.se\/en\/wp-json\/wp\/v2\/users\/44"}],"replies":[{"embeddable":true,"href":"https:\/\/swedenbio.se\/en\/wp-json\/wp\/v2\/comments?post=44384"}],"version-history":[{"count":0,"href":"https:\/\/swedenbio.se\/en\/wp-json\/wp\/v2\/posts\/44384\/revisions"}],"wp:featuredmedia":[{"embeddable":true,"href":"https:\/\/swedenbio.se\/en\/wp-json\/wp\/v2\/media\/31034"}],"wp:attachment":[{"href":"https:\/\/swedenbio.se\/en\/wp-json\/wp\/v2\/media?parent=44384"}],"wp:term":[{"taxonomy":"category","embeddable":true,"href":"https:\/\/swedenbio.se\/en\/wp-json\/wp\/v2\/categories?post=44384"},{"taxonomy":"post_tag","embeddable":true,"href":"https:\/\/swedenbio.se\/en\/wp-json\/wp\/v2\/tags?post=44384"}],"curies":[{"name":"wp","href":"https:\/\/api.w.org\/{rel}","templated":true}]}}